{"id":875,"date":"2018-07-31T10:49:01","date_gmt":"2018-07-31T10:49:01","guid":{"rendered":"http:\/\/www.coaching-pt.pt\/?p=875"},"modified":"2022-01-02T19:19:27","modified_gmt":"2022-01-02T19:19:27","slug":"realidade","status":"publish","type":"post","link":"https:\/\/coaching-pt.pt\/eng\/realidade\/","title":{"rendered":"A realidade \u00e9 outra coisa"},"content":{"rendered":"<p>Realidade \u00e9 perce\u00e7\u00e3o. Talvez esta certeza venha da cren\u00e7a de que s\u00e3o as perce\u00e7\u00f5es que persistem, n\u00e3o uma realidade para al\u00e9m delas. Os factos est\u00e3o l\u00e1, vis\u00edveis e demonstr\u00e1veis. A rainha Vit\u00f3ria reinou 63 anos e sete meses. A realidade dos brit\u00e2nicos sobre este facto n\u00e3o passa da perce\u00e7\u00e3o que cada um teve enquanto ela foi rainha. Facto \u00e9 que ela reinou, se acreditarmos nos dados hist\u00f3ricos, e s\u00e3o muitas as &#8220;realidades&#8221; que se constroem em torno dos factos.<\/p>\n<blockquote><p>S\u00e3o os factos que balizam a realidade, ou melhor, a nossa realidade enquanto conjunto de perce\u00e7\u00f5es.<\/p><\/blockquote>\n<p>Como \u00e9 sabido e estudado, perce\u00e7\u00e3o \u00e9 proje\u00e7\u00e3o e isso confirma a minha cren\u00e7a de que a interpreta\u00e7\u00e3o dos factos traz consigo aquilo que sentimos e pensamos, para n\u00e3o falar de uma hist\u00f3ria que carregamos e que completa esta mistura complexa.<\/p>\n<p>Por causa desta fus\u00e3o ou confus\u00e3o entre os factos e as perce\u00e7\u00f5es, muitas vezes ficamos magoados, ou tristes, ou desiludidos ou contentes. Escolher olhar para a realidade como uma perce\u00e7\u00e3o nossa e n\u00e3o como um facto \u00e9 a escolha de um caminho muito mais limpo do que a esparrela em que ca\u00edmos por n\u00e3o separarmos as duas coisas.<\/p>\n<p>Quando a realidade magoa, n\u00e3o \u00e9 a realidade que magoa, talvez seja a forma como quer\u00edamos que a realidade fosse que nos coloca em posi\u00e7\u00e3o de lamento, ataque e m\u00e1goa. Quando a realidade nos faz rir, n\u00e3o \u00e9 a realidade que nos faz rir, somos n\u00f3s que aprendemos a olhar para dentro e para fora com o humor necess\u00e1rio, porque para que alguma coisa nos fa\u00e7a rir \u00e9 preciso entender que tamb\u00e9m escolhemos deixar que isso aconte\u00e7a.<\/p>\n<p>S\u00e3o os factos que balizam a realidade, ou melhor, a nossa realidade enquanto conjunto de perce\u00e7\u00f5es. Se a consci\u00eancia desta separa\u00e7\u00e3o for nula, \u00e9 bem capaz de ser dif\u00edcil viver. A cren\u00e7a de que a nossa realidade, balizada pelos factos, \u00e9 uma constru\u00e7\u00e3o consciente de escolhas em fun\u00e7\u00e3o de perce\u00e7\u00f5es, \u00e9 uma cren\u00e7a que nos traz poder pessoal.<\/p>\n<p>O que existe realmente, a qualidade do que \u00e9 real \u00e9 o facto de ter havido uma rainha chamada Vit\u00f3ria, o que foi o seu reinado e quem era aquela mulher, s\u00e3o quest\u00f5es que esbarram em perce\u00e7\u00f5es diversas e isso n\u00e3o \u00e9 a realidade em si, \u00e9 apenas a nossa realidade!<\/p>\n<p>Paula Capaz<br \/>\nJulho 2018<\/p>","protected":false},"excerpt":{"rendered":"<p>Realidade \u00e9 perce\u00e7\u00e3o. Talvez esta certeza venha da cren\u00e7a de que s\u00e3o as perce\u00e7\u00f5es que persistem, n\u00e3o uma realidade para al\u00e9m delas. Os factos est\u00e3o l\u00e1, vis\u00edveis e demonstr\u00e1veis. A&#8230;<\/p>","protected":false},"author":2,"featured_media":876,"comment_status":"open","ping_status":"open","sticky":false,"template":"","format":"standard","meta":{"footnotes":""},"categories":[23],"tags":[],"class_list":{"0":"post-875","1":"post","2":"type-post","3":"status-publish","4":"format-standard","5":"has-post-thumbnail","7":"category-coaching"},"_links":{"self":[{"href":"https:\/\/coaching-pt.pt\/eng\/wp-json\/wp\/v2\/posts\/875","targetHints":{"allow":["GET"]}}],"collection":[{"href":"https:\/\/coaching-pt.pt\/eng\/wp-json\/wp\/v2\/posts"}],"about":[{"href":"https:\/\/coaching-pt.pt\/eng\/wp-json\/wp\/v2\/types\/post"}],"author":[{"embeddable":true,"href":"https:\/\/coaching-pt.pt\/eng\/wp-json\/wp\/v2\/users\/2"}],"replies":[{"embeddable":true,"href":"https:\/\/coaching-pt.pt\/eng\/wp-json\/wp\/v2\/comments?post=875"}],"version-history":[{"count":1,"href":"https:\/\/coaching-pt.pt\/eng\/wp-json\/wp\/v2\/posts\/875\/revisions"}],"predecessor-version":[{"id":6434,"href":"https:\/\/coaching-pt.pt\/eng\/wp-json\/wp\/v2\/posts\/875\/revisions\/6434"}],"wp:featuredmedia":[{"embeddable":true,"href":"https:\/\/coaching-pt.pt\/eng\/wp-json\/wp\/v2\/media\/876"}],"wp:attachment":[{"href":"https:\/\/coaching-pt.pt\/eng\/wp-json\/wp\/v2\/media?parent=875"}],"wp:term":[{"taxonomy":"category","embeddable":true,"href":"https:\/\/coaching-pt.pt\/eng\/wp-json\/wp\/v2\/categories?post=875"},{"taxonomy":"post_tag","embeddable":true,"href":"https:\/\/coaching-pt.pt\/eng\/wp-json\/wp\/v2\/tags?post=875"}],"curies":[{"name":"wp","href":"https:\/\/api.w.org\/{rel}","templated":true}]}}